{"id":1684,"date":"2015-05-25T14:04:53","date_gmt":"2015-05-25T13:04:53","guid":{"rendered":"https:\/\/www.lepeuplequimanque.org\/?page_id=1684"},"modified":"2023-11-07T09:54:22","modified_gmt":"2023-11-07T08:54:22","slug":"cinema-permanent","status":"publish","type":"post","link":"https:\/\/www.lepeuplequimanque.org\/en\/2015\/cinema-permanent\/","title":{"rendered":"Cin\u00e9ma permanent in Leiris &#038; co (2015, Centre Pompidou Metz)"},"content":{"rendered":"<p>&nbsp;<\/p>\n<h1>CIN\u00c9MA PERMANENT<\/h1>\n<p style=\"text-align: center;\">in <strong>Leiris &amp; co<\/strong> <br \/>\n<strong>Centre Pompidou Metz<\/strong><\/p>\n<p class=\"p1\"><span class=\"s1\"><strong>Saturday 30th and Sunday 31th, May, 2015<\/strong>\u00a0from 10 am to\u00a06pm<br \/>\n<\/span><span class=\"s1\">Venue :\u00a0Auditorium Wendel, Centre Pompidou Metz<br \/>\n<\/span><span class=\"s1\">Free entrance\u00a0<\/span><\/p>\n<p><strong>Luis Ospina &amp; Carlos Mayolo \/ Marine Hugonnier \/ Kidlat Tahimik \/ Lonnie van Brummelen, Siebren de Haan \/ Renzo Martens \/ Uriel Orlow \/ Alexandra Leykauf \/ Francis Al\u00ffs \/ Pieter Geenen \/ Armando Queiroz, Almires Martins, Marcelo Rodrigues<\/strong><br \/>\nCurators: <strong>Aliocha Imhoff &amp; Kantuta Quiros<\/strong><\/p>\n<p class=\"p1\"><span class=\"s2\"><a href=\"https:\/\/www.centrepompidou-metz.fr\/cin-ma-permanent\">https:\/\/www.centrepompidou-metz.fr\/cin-ma-permanent<\/a><\/span><\/p>\n<p class=\"p1\">The platform <em>le peuple qui manque<\/em> (a people is missing) presents a film screening dedicated to the &#8220;ethnographic turn of art&#8221; according to the American art critic and historian Hal Foster (1995), pursuing the pioneer works of Michel Leiris between poetry, art and ethnography.<\/p>\n<p><a href=\"https:\/\/www.lepeuplequimanque.org\/wp-content\/uploads\/2015\/05\/marine-hugonnier-travelling-v2.jpg\" rel=\"prettyPhoto[gallery-5J4z]\"><img loading=\"lazy\" decoding=\"async\" class=\" size-large wp-image-1699 aligncenter\" src=\"https:\/\/www.lepeuplequimanque.org\/wp-content\/uploads\/2015\/05\/marine-hugonnier-travelling-v2-1024x579.jpg\" alt=\"Marine Hugonnier, Travelling Amazonia (2006, 23 min, France\/GB, VOSTF)\" width=\"608\" height=\"344\" srcset=\"https:\/\/www.lepeuplequimanque.org\/wp-content\/uploads\/2015\/05\/marine-hugonnier-travelling-v2-1024x579.jpg 1024w, https:\/\/www.lepeuplequimanque.org\/wp-content\/uploads\/2015\/05\/marine-hugonnier-travelling-v2-150x85.jpg 150w, https:\/\/www.lepeuplequimanque.org\/wp-content\/uploads\/2015\/05\/marine-hugonnier-travelling-v2-300x170.jpg 300w, https:\/\/www.lepeuplequimanque.org\/wp-content\/uploads\/2015\/05\/marine-hugonnier-travelling-v2.jpg 1600w\" sizes=\"auto, (max-width: 608px) 100vw, 608px\" \/><\/a><\/p>\n<p class=\"p1\"><span class=\"s1\"><b>Luis Ospina &amp; Carlos Mayolo, Agarrando pueblo<\/b> (Los vampiros de la miseria) (1977, 28 min, Colombie)<br \/>\n<\/span><span class=\"s1\"><b>Marine Hugonnier, Travelling Amazonia<\/b> (2006, 23 min, France\/GB, VOSTF)<br \/>\n<\/span><span class=\"s1\"><b>Kidlat Tahimik, Why Is Yellow the Middle of the Rainbow ? <\/b>(1981-1993, 3h, Philippines)<br \/>\n<\/span><span class=\"s1\"><b>Lonnie van Brummelen, Siebren de Haan &amp; the inhabitants of Urk, Episode of the Sea <\/b>(Netherlands, 2014, 63 min, VOSTF)<br \/>\n<\/span><span class=\"s1\"><b>Renzo Martens, Episode 3<\/b> (2008, 90 min, Pays-bas)<br \/>\n<\/span><span class=\"s1\"><b>Uriel Orlow, The Visitor <\/b>(2007, 16 min, UK, VO)<br \/>\n<\/span><span class=\"s1\"><b>Alexandra Leykauf, Ethnologisches Museum<\/b> (2009, 9 min, Allemagne, silent)<br \/>\n<\/span><span class=\"s1\"><b>Francis Al\u00ffs, Modern Procession <\/b>(7min, 2002, Etats-Unis)<br \/>\n<\/span><span class=\"s1\"><b>Pieter Geenen, The Nation <\/b>(2014, 50 min, VOSTF)<br \/>\n<\/span><span class=\"s1\"><b>Armando Queiroz, Almires Martins, Marcelo Rodrigues, Ym\u00e1 Nhandehetama (We used to be many)<\/b> (2009, 8 min, Bresil)<br \/>\n<\/span><span class=\"s1\"><b>Marine Hugonnier, Ariana<\/b> (2003, 18 min, France\/GB, VOSTF)<\/span><\/p>\n<hr \/>\n<p class=\"p1\"><span class=\"s1\"><br \/>\n<\/span><span class=\"s1\"><b>Kidlat Tahimik, Why Is Yellow the Middle of the Rainbow ? <\/b>(1981-1993, 3h, Philippines, VO) <br \/>\n<\/span><span class=\"s1\"><a href=\"https:\/\/www.lepeuplequimanque.org\/wp-content\/uploads\/2015\/05\/Kidlat-Tahimik-Why-Is-Yellow-the-Middle-of-the-Rainbow.jpg\" rel=\"prettyPhoto[gallery-5J4z]\"><img loading=\"lazy\" decoding=\"async\" class=\"espace alignright wp-image-1689 size-medium\" src=\"https:\/\/www.lepeuplequimanque.org\/wp-content\/uploads\/2015\/05\/Kidlat-Tahimik-Why-Is-Yellow-the-Middle-of-the-Rainbow-300x225.jpg\" alt=\"Kidlat Tahimik, Why Is Yellow the Middle of the Rainbow ? (1981-1993, 3h, Philippines)\" width=\"300\" height=\"225\" srcset=\"https:\/\/www.lepeuplequimanque.org\/wp-content\/uploads\/2015\/05\/Kidlat-Tahimik-Why-Is-Yellow-the-Middle-of-the-Rainbow-300x225.jpg 300w, https:\/\/www.lepeuplequimanque.org\/wp-content\/uploads\/2015\/05\/Kidlat-Tahimik-Why-Is-Yellow-the-Middle-of-the-Rainbow-150x112.jpg 150w, https:\/\/www.lepeuplequimanque.org\/wp-content\/uploads\/2015\/05\/Kidlat-Tahimik-Why-Is-Yellow-the-Middle-of-the-Rainbow.jpg 660w\" sizes=\"auto, (max-width: 300px) 100vw, 300px\" \/><\/a><\/span><span class=\"s1\">Kidlat Tahimik is the filmmaker who has developped the diary film most extensively within a discourse of postcolonial cultural critique. His distinctive filmmaking technique pries apart the various levels of self-representation so that the primitive, the native, and the premoderne are ironically constructed within a discursive bricolage centered on his own subjectivity. (\u2026) Why is Yellow the Middle of the Rainbow ? (1981-1993), three-hours diary, incorporates history of Philippines, Tahimik\u2019s own family, found footage, newspaper headlines and TV broadcasts, home movies, travel footage, and documentation of public event and political demonstrations.<span class=\"Apple-converted-space\">\u00a0 <\/span>Documentary footage is mixed with scripted perfomances, and he continually reverses expectations of First and Thirld World cultural scenes.<span class=\"Apple-converted-space\">\u00a0 <\/span>His movement between cultures casts him as an exemplary Inappropriate Other.<span class=\"Apple-converted-space\">\u00a0 <\/span>(Catherine Russell, Experimental ethnography, 1999)<\/span><\/p>\n<p class=\"p1\"><span class=\"s1\"><b><a href=\"https:\/\/www.lepeuplequimanque.org\/wp-content\/uploads\/2015\/05\/agarrando-pueblo.jpg\" rel=\"prettyPhoto[gallery-5J4z]\"><img loading=\"lazy\" decoding=\"async\" class=\"espace alignright wp-image-1685 size-medium\" src=\"https:\/\/www.lepeuplequimanque.org\/wp-content\/uploads\/2015\/05\/agarrando-pueblo-300x237.jpg\" alt=\"Luis Ospina &amp; Carlos Mayolo, Agarrando pueblo (Los vampiros de la miseria) (1977, 28 min, Colombie)\" width=\"300\" height=\"237\" srcset=\"https:\/\/www.lepeuplequimanque.org\/wp-content\/uploads\/2015\/05\/agarrando-pueblo-300x237.jpg 300w, https:\/\/www.lepeuplequimanque.org\/wp-content\/uploads\/2015\/05\/agarrando-pueblo-150x119.jpg 150w, https:\/\/www.lepeuplequimanque.org\/wp-content\/uploads\/2015\/05\/agarrando-pueblo.jpg 700w\" sizes=\"auto, (max-width: 300px) 100vw, 300px\" \/><\/a>Luis Ospina &amp; Carlos Mayolo, Agarrando pueblo<\/b> (Los vampiros de la miseria) (1977, 28 min, Colombie, VOSTF)<br \/>\n<\/span>Agarrando Pueblo \/ The Vampires of Poverty 1978 made with Carlos Mayolo is a classic and still provocative work exploring the role of film in social and political life. Following a film crews search for the most abject subject to exploit in their \u2018militant\u2019 film, the work is a landmark in the history of documentary film questioning the values and motivations of so-called \u2018political\u2019 filmmakers. The screening will be followed by Luis Opsina\u2019s seminal chiller Pura sangre \/ Pure Blood 1982 an ironic commentary on Colombian social inequality made in the guise of a Roger Corman movie. Linked by the theme of vampirism, these films adapt existing genres to create modern political parables \u2013 as Ospina has commented \u2018the story of the vampire has always been a political one\u2026 It is a tale of power.\u2019<\/p>\n<p class=\"p1\"><span class=\"s1\"><b><a href=\"https:\/\/www.lepeuplequimanque.org\/wp-content\/uploads\/2015\/05\/francisalys_modernprocession.jpg\" rel=\"prettyPhoto[gallery-5J4z]\"><img loading=\"lazy\" decoding=\"async\" class=\"espace alignright wp-image-1688 size-medium\" src=\"https:\/\/www.lepeuplequimanque.org\/wp-content\/uploads\/2015\/05\/francisalys_modernprocession-300x195.jpg\" alt=\"Francis Al\u00ffs, Modern Procession (7min, 2002, Etats-Unis)\" width=\"300\" height=\"195\" srcset=\"https:\/\/www.lepeuplequimanque.org\/wp-content\/uploads\/2015\/05\/francisalys_modernprocession-300x195.jpg 300w, https:\/\/www.lepeuplequimanque.org\/wp-content\/uploads\/2015\/05\/francisalys_modernprocession-150x98.jpg 150w, https:\/\/www.lepeuplequimanque.org\/wp-content\/uploads\/2015\/05\/francisalys_modernprocession.jpg 700w\" sizes=\"auto, (max-width: 300px) 100vw, 300px\" \/><\/a>Francis Al\u00ffs, Modern Procession <\/b>(7min, 2002, Etats-Unis) <br \/>\n<\/span>The Modern Procession, organized by artist Francis Al\u00ffs (b.1959, Antwerp, Belgium) and presented by the Public Art Fund in collaboration with The Museum of Modern Art, is modeled after a traditional ritual procession. Beginning in front of MoMA at 53rd Street and Fifth Avenue at 9am, the procession parades through midtown Manhattan, crosses the Queensboro Bridge into Long Island City, marches along Queens Boulevard, and ends at the door of MoMA QNS (33rd Street at Queens Boulevard). Both festive and ceremonial, the procession makes the museum&#8217;s historic transition both visible and public, linking the two boroughs in a spectacular and memorable way.<br \/>\nA 12-member Peruvian brass band, Banda de Santa Cecilia, sets the pace for the procession. More than 150 uniformed participants carry reproductions of MoMA&#8217;s most famous works\u2014Pablo Picasso\u2019s Les Demoiselles d&#8217;Avignon, Marcel Duchamp\u2019s Bicycle Wheel, and Alberto Giacometti\u2019s Standing Woman\u2014on handheld wooden carriages. The presence of these reproductions pays homage to the history of MoMA while celebrating the cultural and economic potential of bringing art into the streets. Artist Kiki Smith serves as a representative of contemporary art. Carried by fellow participants, Smith leads the spectacular procession, which also includes banners, dogs, and scattered rose petals.<\/p>\n<p class=\"p1\"><span class=\"s1\"><b><a href=\"https:\/\/www.lepeuplequimanque.org\/wp-content\/uploads\/2015\/05\/Lonnie-van-Brummelen-Siebren-de-Haan-Episode-of-the-Sea.jpg\" rel=\"prettyPhoto[gallery-5J4z]\"><img loading=\"lazy\" decoding=\"async\" class=\"espace alignright wp-image-1690 size-medium\" src=\"https:\/\/www.lepeuplequimanque.org\/wp-content\/uploads\/2015\/05\/Lonnie-van-Brummelen-Siebren-de-Haan-Episode-of-the-Sea-300x169.jpg\" alt=\"Lonnie van Brummelen, Siebren de Haan &amp; the inhabitants of Urk, Episode of the Sea (Netherlands, 2014, 63 min)\" width=\"300\" height=\"169\" srcset=\"https:\/\/www.lepeuplequimanque.org\/wp-content\/uploads\/2015\/05\/Lonnie-van-Brummelen-Siebren-de-Haan-Episode-of-the-Sea-300x169.jpg 300w, https:\/\/www.lepeuplequimanque.org\/wp-content\/uploads\/2015\/05\/Lonnie-van-Brummelen-Siebren-de-Haan-Episode-of-the-Sea-150x84.jpg 150w, https:\/\/www.lepeuplequimanque.org\/wp-content\/uploads\/2015\/05\/Lonnie-van-Brummelen-Siebren-de-Haan-Episode-of-the-Sea.jpg 800w\" sizes=\"auto, (max-width: 300px) 100vw, 300px\" \/><\/a>Lonnie van Brummelen, Siebren de Haan &amp; the inhabitants of Urk, Episode of the Sea <\/b>(Netherlands, 2014, 63 min, VOSTF)<br \/>\n<\/span>The film &#8216;Episode of the Sea&#8217; is the outcome of a two-year collaboration with the fishing community of Urk, a former island in the Netherlands. In the previous century, the Dutch closed off and drained their inland sea to reclaim new arable land. The island of Urk, situated in mid sea, suddenly found itself embraced by land. Its inhabitants were expected to switch from fishing to farming, but the fishermen managed to continue their trade. They found new fishing grounds, far out in the North Sea. Despite being part of the mainland for decades, the fishing village is still notoriously insular and its inhabitants continue to speak their own tongue. With a residency and numerous visits to Urk we gradually gained the Urkers\u2019 trust. From 2011 to 2013, we documented the sites and work of fishing and filmed a dozen of staged scenes, performed by members of the fishing community themselves in their local dialect. Meanwhile we kept a log of our encounters and experiences in situ. \u2018Episode of the Sea\u2019 brings these diverse materials together. <br \/>\nThe film documents the material world of contemporary North Sea fishery and the fishermen\u2019s struggle with a changed public perception, fluctuating regulations, and excessive global competition, while parallels are drawn between fishing and filming. Rendered in black-and-white to recite neo-realist drama and early documentary styles, the scenes evoke a way of life that has been passed on by ancestors, yet on the verge of obsolescence.<\/p>\n<p class=\"p1\"><span class=\"s1\"><b><br \/>\n<a href=\"https:\/\/www.lepeuplequimanque.org\/wp-content\/uploads\/2015\/05\/uriel-orlow-the-visitor-2007-1.jpg\" rel=\"prettyPhoto[gallery-5J4z]\"><img loading=\"lazy\" decoding=\"async\" class=\"espace alignright wp-image-1695 size-medium\" src=\"https:\/\/www.lepeuplequimanque.org\/wp-content\/uploads\/2015\/05\/uriel-orlow-the-visitor-2007-1-300x225.jpg\" alt=\"Uriel Orlow, The Visitor (2007, 16 min, UK, VO)\" width=\"300\" height=\"225\" srcset=\"https:\/\/www.lepeuplequimanque.org\/wp-content\/uploads\/2015\/05\/uriel-orlow-the-visitor-2007-1-300x225.jpg 300w, https:\/\/www.lepeuplequimanque.org\/wp-content\/uploads\/2015\/05\/uriel-orlow-the-visitor-2007-1-150x113.jpg 150w, https:\/\/www.lepeuplequimanque.org\/wp-content\/uploads\/2015\/05\/uriel-orlow-the-visitor-2007-1.jpg 470w\" sizes=\"auto, (max-width: 300px) 100vw, 300px\" \/><\/a>Uriel Orlow, The Visitor <\/b>(2007, 16 min, UK, VOSTE)<br \/>\n<\/span><span class=\"s1\">The Visitor is a photo-essay of the artist\u2019s audience with Oba Erediauwa, the current king of Benin. A local narrator follows the artist into the Oba\u2019s palace and recounts the conversation between the European visitor and the royal host and his court of chiefs. The exchange centers on the Benin Bronzes (famously looted by the British in 1897 and now in over 500 museums and collections worldwide), collective memory and the demand for restitution. However, communication remains somewhat elusive, slipping in and out of gaps of cultural and historical difference.<\/span><\/p>\n<p class=\"p1\"><span class=\"s1\"><b><a href=\"https:\/\/www.lepeuplequimanque.org\/wp-content\/uploads\/2015\/05\/Pieter-Geenen-The-Nation.jpg\" rel=\"prettyPhoto[gallery-5J4z]\"><img loading=\"lazy\" decoding=\"async\" class=\"espace alignright wp-image-1693 size-medium\" src=\"https:\/\/www.lepeuplequimanque.org\/wp-content\/uploads\/2015\/05\/Pieter-Geenen-The-Nation-300x169.jpg\" alt=\"Pieter Geenen, The Nation (2014, 50 min, VOSTF)\" width=\"300\" height=\"169\" srcset=\"https:\/\/www.lepeuplequimanque.org\/wp-content\/uploads\/2015\/05\/Pieter-Geenen-The-Nation-300x169.jpg 300w, https:\/\/www.lepeuplequimanque.org\/wp-content\/uploads\/2015\/05\/Pieter-Geenen-The-Nation-150x84.jpg 150w, https:\/\/www.lepeuplequimanque.org\/wp-content\/uploads\/2015\/05\/Pieter-Geenen-The-Nation.jpg 709w\" sizes=\"auto, (max-width: 300px) 100vw, 300px\" \/><\/a>Pieter Geenen, The Nation <\/b>(2014, 50 min, VOSTF)<br \/>\n<\/span>The isolated people of Nagorno-Karabakh are living in a time vacuum since the cease fire of 1994. They live in a de facto independent country, but remain unrecognized as such by the international community. This area is still subject of an unresolved and long forgotten conflict which resulted from the collapsing Soviet Union.<br \/>\nThen what does national identity mean in a country that doesn&#8217;t exist? What are the concepts to construct such an identity? Isn&#8217;t a nation an artificial construction after all? And how is the landscape an object of identification, to them, and to us, the viewer? &#8216;The Nation&#8217; examines the relation between identity and the mental and physical land.<\/p>\n<p class=\"p1\"><span class=\"s1\"><b><a href=\"https:\/\/www.lepeuplequimanque.org\/wp-content\/uploads\/2015\/05\/renzomartens-enjoypoverty.jpg\" rel=\"prettyPhoto[gallery-5J4z]\"><img loading=\"lazy\" decoding=\"async\" class=\"espace alignright wp-image-1694 size-medium\" src=\"https:\/\/www.lepeuplequimanque.org\/wp-content\/uploads\/2015\/05\/renzomartens-enjoypoverty-300x168.jpg\" alt=\"Renzo Martens, Episode 3 (2008, 90 min, Pays-bas)\" width=\"300\" height=\"168\" srcset=\"https:\/\/www.lepeuplequimanque.org\/wp-content\/uploads\/2015\/05\/renzomartens-enjoypoverty-300x168.jpg 300w, https:\/\/www.lepeuplequimanque.org\/wp-content\/uploads\/2015\/05\/renzomartens-enjoypoverty-150x84.jpg 150w, https:\/\/www.lepeuplequimanque.org\/wp-content\/uploads\/2015\/05\/renzomartens-enjoypoverty.jpg 800w\" sizes=\"auto, (max-width: 300px) 100vw, 300px\" \/><\/a>Renzo Martens, Episode 3<\/b> (2008, 90 min, Pays-bas, VOSTF)<br \/>\n<\/span>Episode III, also known as &#8216;Enjoy Poverty&#8217;, is the 90 minute film registration of Renzo Martens&#8217; activities in the Congo. In an epic journey, the film establishes that images of poverty are the Congo\u2019s most lucrative export, generating more revenue than traditional exports like gold, diamonds, or cocoa. However, just as with these traditional exports, those that provide the raw material: the poor being filmed, hardly benefit from it at all.<br \/>\nAmidst ethnic war and relentless economic exploitation, Martens sets up an emancipation program that aims to teach the poor how to benefit from their biggest resource: poverty. Thus, Congolese photographers are encouraged to move on from development-hindering activities, such as photographing weddings and parties, and to start taking images of war and disaster. With a neon sign, packed in metal crates and carried through the jungle by Martens&#8217; porters, the local population is encouraged to capitalize on what the world has given them as their share. It states &#8216;Enjoy Poverty.&#8217; Hapless plantation workers question it, accept it, dance around it, yet in the end, the whole project seems bound to fail.<br \/>\nThe piece is the third in a series of films that, by enacting their own parameters, try to make visible their own complicity in a world obscured by depictions of it. The first of this series was &#8216;Episode I&#8217; set in Chechnya.<br \/>\nEpisode III was first shown at the Stedelijk Museum Bureau Amsterdam. The trunks that were carried throughout the jungle, now contained the master-tape of these activities, some left over neon lights, a photograph made in collaboration with the Association des Photographes de Kanyabayonga, and a certificate. The film was screened a few times daily.<br \/>\nOn the very same day, the piece served as the opening night film the Amsterdam International Documentary Festival&#8217;s 2008 edition. Ever since, the film has been shown in over 40 filmfestivals, art venues including Centre Pompidou, ZKM Karlsruhe, Kunsthalle Goteborg, Tate Modern, Arnolfini Bristol, The BOX LA, Nomas Foundation and art biennals such as the Moscow Biennal, Berlin Biennal and Manifesta.<\/p>\n<p class=\"p1\"><span class=\"s1\"><b><a href=\"https:\/\/www.lepeuplequimanque.org\/wp-content\/uploads\/2015\/05\/marine-hugonnier-travelling-v2.jpg\" rel=\"prettyPhoto[gallery-5J4z]\"><img loading=\"lazy\" decoding=\"async\" class=\"espace alignright wp-image-1699 size-medium\" src=\"https:\/\/www.lepeuplequimanque.org\/wp-content\/uploads\/2015\/05\/marine-hugonnier-travelling-v2-300x170.jpg\" alt=\"\" width=\"300\" height=\"170\" srcset=\"https:\/\/www.lepeuplequimanque.org\/wp-content\/uploads\/2015\/05\/marine-hugonnier-travelling-v2-300x170.jpg 300w, https:\/\/www.lepeuplequimanque.org\/wp-content\/uploads\/2015\/05\/marine-hugonnier-travelling-v2-150x85.jpg 150w, https:\/\/www.lepeuplequimanque.org\/wp-content\/uploads\/2015\/05\/marine-hugonnier-travelling-v2-1024x579.jpg 1024w, https:\/\/www.lepeuplequimanque.org\/wp-content\/uploads\/2015\/05\/marine-hugonnier-travelling-v2.jpg 1600w\" sizes=\"auto, (max-width: 300px) 100vw, 300px\" \/><\/a>Marine Hugonnier, Travelling Amazonia<\/b> (2006, 23 min, France\/GB, VOSTF)<br \/>\n<\/span>Travelling Amazonia was shot in the heart of the Amazon jungle. The film\u2019s narrative is concentrated on the Trans-Amazonia highway, a massive project devised in the seventies by the Brazilian government to establish a route that would bisect the Amazon forest and connect the Atlantic and the Pacific coasts. The objective of Hugonnier and her team is to build a dolly and tracks using the same materials that were employed when building the highway. The construction of the Trans-Amazonia generated an industry around the extraction of natural resources like metal, wood and rubber. Hugonnier and her team make use of these materials to realise upon the very same road a \u2018travelling shot\u2019. The purpose is to film a linear travelling shot which re-enacts the linearity of the Trans-Amazonia highway and which recalls the pioneering ideals that this colonialist project embodied. Travelling Amazonia questions the idea of perspective and its consequences for Western systems of representation.<\/p>\n<p class=\"p1\"><span class=\"s1\"><b><a href=\"https:\/\/www.lepeuplequimanque.org\/wp-content\/uploads\/2015\/05\/marine-hugonnier-ariana.jpg\" rel=\"prettyPhoto[gallery-5J4z]\"><img loading=\"lazy\" decoding=\"async\" class=\"espace alignright wp-image-1691 size-medium\" src=\"https:\/\/www.lepeuplequimanque.org\/wp-content\/uploads\/2015\/05\/marine-hugonnier-ariana-300x185.jpg\" alt=\"Marine Hugonnier, Ariana (2003, 18 min, France\/GB, VOSTF)\" width=\"300\" height=\"185\" srcset=\"https:\/\/www.lepeuplequimanque.org\/wp-content\/uploads\/2015\/05\/marine-hugonnier-ariana-300x185.jpg 300w, https:\/\/www.lepeuplequimanque.org\/wp-content\/uploads\/2015\/05\/marine-hugonnier-ariana-150x92.jpg 150w, https:\/\/www.lepeuplequimanque.org\/wp-content\/uploads\/2015\/05\/marine-hugonnier-ariana.jpg 640w\" sizes=\"auto, (max-width: 300px) 100vw, 300px\" \/><\/a>Marine Hugonnier, Ariana<\/b> (2003, 18 min, France\/GB, VOSTF)<b> <br \/>\n<\/b><\/span>Ariana investigated the relationship between landscape and history. It explored ideas of utopia and resistance, questioning the tools of cinema and western ideas of viewpoint and panorama. Recorded in Afghanistan during 2002, Ariana details a journey to the capital Kabul, and to the beautiful Pandjsh\u00ear Valley, a region that has historically resisted the invasions of Soviet and Taliban ideologies. Hugonnier&#8217;s 16mm film charts the journey of a film crew. On arriving in the Pandjsh\u00ear Valley, their intention is to investigate how the landscape has determined the region&#8217;s history. To do so, the crew attempts to find a vantage point to record a panorama of the entire valley. Access to this viewpoint is refused, because of its strategic value and the crew returns to Kabul to record the ruins and traffic of the city. The crew obtains permission to shoot a final panorama. The view allows them to gaze over Kabul and across to the Hindu Kush Mountains. They realise that this spectacle gives them a feeling of euphoria and totality. They decide to stop filming.<\/p>\n<p class=\"p1\"><span class=\"s1\"><b><a href=\"https:\/\/www.lepeuplequimanque.org\/wp-content\/uploads\/2015\/05\/Alexandra-Leykauf-Ethnologisches-Museum.jpg\" rel=\"prettyPhoto[gallery-5J4z]\"><img loading=\"lazy\" decoding=\"async\" class=\"espace alignright wp-image-1686 size-medium\" src=\"https:\/\/www.lepeuplequimanque.org\/wp-content\/uploads\/2015\/05\/Alexandra-Leykauf-Ethnologisches-Museum-300x225.jpg\" alt=\"Alexandra Leykauf, Ethnologisches Museum (2009, 9 min, Allemagne, muet)\" width=\"300\" height=\"225\" srcset=\"https:\/\/www.lepeuplequimanque.org\/wp-content\/uploads\/2015\/05\/Alexandra-Leykauf-Ethnologisches-Museum-300x225.jpg 300w, https:\/\/www.lepeuplequimanque.org\/wp-content\/uploads\/2015\/05\/Alexandra-Leykauf-Ethnologisches-Museum-150x113.jpg 150w, https:\/\/www.lepeuplequimanque.org\/wp-content\/uploads\/2015\/05\/Alexandra-Leykauf-Ethnologisches-Museum.jpg 600w\" sizes=\"auto, (max-width: 300px) 100vw, 300px\" \/><\/a>Alexandra Leykauf, Ethnologisches Museum<\/b> (2009, 9 min, Allemagne, muet)<br \/>\n<\/span><span class=\"s1\">\u00ab\u00a0Dans Ethnologisches Museum, r\u00e9alis\u00e9 en 2009 dans le mus\u00e9e ethnologique de Dahlem, Alexandra Leykauf \u2013 qui travaille d\u2019une mani\u00e8re g\u00e9n\u00e9rale sur les rapports entre architecture, film et sculpture8 \u2013 cherche par le film \u00e0 arracher l\u2019objet \u00e0 sa temporalit\u00e9 mus\u00e9ale. Elle montre les objets suspendus, comme flottant dans l\u2019air, coinc\u00e9s entre les lamelles transparentes des vitrines tr\u00e8s r\u00e9fl\u00e9chissantes qui fonctionnent comme des masques autant que comme des pr\u00e9sentoirs. Ces images \u00e9voquent pr\u00e9cis\u00e9ment un passage du Probl\u00e8me de la forme dans les arts figuratifs d\u2019Adolf von Hildebrand9, sculpteur et th\u00e9oricien de la sculpture de la fin du xixe si\u00e8cle. Dans le cinqui\u00e8me chapitre de son ouvrage, intitul\u00e9 \u00ab La saisie du relief \u00bb, il explique que pour produire un effet de profondeur \u00e0 partir de la surface, il faut que le spectateur imagine que l\u2019objet, plac\u00e9 sur un fond plat, est install\u00e9 entre deux lamelles de verre transparentes \u2013 la lamelle la plus \u00e9loign\u00e9e du spectateur touchant l\u2019arri\u00e8re de la figure, la plus proche touchant sa face ant\u00e9rieure. Une fois ce dispositif mental mis en place, l\u2019effet de profondeur se produit dans la bi-dimensionnalit\u00e9. Or Hildebrand affirme que cet effet de profondeur est \u00e0 l\u2019origine du mouvement : le creusement de l\u2019espace est dynamique. Lorsque les artistes transforment le film en espace mus\u00e9al ou en collection, ils n\u2019injectent pas du mouvement dans les \u0153uvres conserv\u00e9es dans les vitrines des mus\u00e9es, mais arrachent celles-ci \u00e0 leur dur\u00e9e objectale.\u00a0\u00bb Philippe-Alain Michaud, Le film-mus\u00e9e : un changement de dur\u00e9e. in \u00c9rik Bullot, Angela Dalle Vacche, Philippe-Alain Michaud et Herv\u00e9 Joubert-Laurencin, \u00ab Cin\u00e9ma et mus\u00e9e : nouvelles temporalit\u00e9s \u00bb, Perspective, 1 | 2011, 523-533.<\/span><\/p>\n<p class=\"p1\"><span class=\"s1\"><b><a href=\"https:\/\/www.lepeuplequimanque.org\/wp-content\/uploads\/2015\/05\/armando-queiroz-prefiro-a-fluidez-da-espera-ao-estre-1.jpg\" rel=\"prettyPhoto[gallery-5J4z]\"><img loading=\"lazy\" decoding=\"async\" class=\"espace alignright wp-image-1687 size-medium\" src=\"https:\/\/www.lepeuplequimanque.org\/wp-content\/uploads\/2015\/05\/armando-queiroz-prefiro-a-fluidez-da-espera-ao-estre-1-300x166.jpg\" alt=\"Armando Queiroz, Almires Martins, Marcelo Rodrigues, Ym\u00e1 Nhandehetama (We used to be many) (2009, 8 min Bresil)\" width=\"300\" height=\"166\" srcset=\"https:\/\/www.lepeuplequimanque.org\/wp-content\/uploads\/2015\/05\/armando-queiroz-prefiro-a-fluidez-da-espera-ao-estre-1-300x166.jpg 300w, https:\/\/www.lepeuplequimanque.org\/wp-content\/uploads\/2015\/05\/armando-queiroz-prefiro-a-fluidez-da-espera-ao-estre-1-150x83.jpg 150w, https:\/\/www.lepeuplequimanque.org\/wp-content\/uploads\/2015\/05\/armando-queiroz-prefiro-a-fluidez-da-espera-ao-estre-1.jpg 557w\" sizes=\"auto, (max-width: 300px) 100vw, 300px\" \/><\/a>Armando Queiroz, Almires Martins, Marcelo Rodrigues, Ym\u00e1 Nhandehetama (We used to be many)<\/b> (2009, 8 min Bresil)<br \/>\n<\/span><span class=\"s1\">In the face of so many stereotypes, oral history \u2013 as practised in the meeting between Almires Martins and Armando Queiroz \u2013 appears as a path by which individual testimony conjures collective memory. More than this, speech, as far as it expresses subjectivity, critical perspective and autonomy, empowers and legitimises itself and the narrator, making mediations unnecessary.\u00a0<\/span><span class=\"s1\">The political action which takes place in Ym\u00e1 Nhandehetama is a reflection of Armando Queiroz\u2019s efforts as an artist, curator, professor, writer and director of Casa das Onze Janelas, a cultural and contemporary arts space in Bel\u00e9m. All of these activities are today characterised by a reflection of the Amazon as a terrain for geographic, economic and identity-based disputes. In his activism, Queiroz often employs readings and workshops as work strategies, in which he and the participants inevitably share power and responsibility in a collective agenda. In this sense, negation is an essential strategy. As Queiroz writes in the text \u2018The Amazon is not mine!\u2019: \u2018The Amazon is not yours. The Amazon is not. [&#8230;] The Amazon is not real. The Amazon is not na\u00efve and peaceful. [&#8230;] The Amazon is not.\u2019 \u2013 AMM<\/span><\/p>\n<hr \/>\n<p class=\"p1\">At\u00a0the invitation of\u00a0Centre Pompidou Metz and\u00a0Mathieu K. Abonnenc, artist\u00a0featured in the exhibition\u00a0Leiris &amp; Co.<br \/>\n<strong>Coordinator\u00a0and translator<\/strong>:\u00a0Helena Hattmannsdorfer<br \/>\n<span class=\"s1\"><b>Thanks<\/b>: the artistes, galleries, owners and\u00a0Centre Pompidou Metz (G\u00e9raldine Celli, Thibault Leblanc), Mathieu K. Abonnenc, Joaquin Barriendos, LUX Distribution (Matt,\u00a0Alice Lea), Gallery Luciana Caravello (Luciana Caravello, Julia Vaz),\u00a0Andr\u00e9 Bijma, Kees Jaarsveld,\u00a0Charlotte Van Buylaere, Galerie Fons Welters, J\u00e9r\u00f4me Baron, Emmanuel Gibouleau.\u00a0<\/span><\/p>\n<p>&nbsp;<\/p>\n<p>&nbsp;<\/p>","protected":false},"excerpt":{"rendered":"<p>Cin\u00e9ma permanent in Leiris &#038; co \/ Centre Pompidou Metz \/ 2015 \/ Luis Ospina &#038; Carlos Mayolo \/ Marine Hugonnier \/ Kidlat Tahimik \/ Lonnie van Brummelen, Siebren de Haan \/ Renzo Martens \/ Uriel Orlow \/ Alexandra Leykauf \/ Francis Al\u00ffs \/ Pieter Geenen \/ Armando Queiroz, Almires Martins, Marcelo Rodrigues \/ Commissariat: Aliocha Imhoff &#038; Kantuta Quiros<\/p>\n","protected":false},"author":1,"featured_media":1699,"comment_status":"closed","ping_status":"closed","sticky":false,"template":"","format":"standard","meta":{"footnotes":""},"categories":[42,31],"tags":[14],"class_list":{"0":"post-1684","1":"post","2":"type-post","3":"status-publish","4":"format-standard","5":"has-post-thumbnail","7":"category-2015-2019","8":"category-curating","9":"tag-archives"},"aioseo_notices":[],"_links":{"self":[{"href":"https:\/\/www.lepeuplequimanque.org\/en\/wp-json\/wp\/v2\/posts\/1684","targetHints":{"allow":["GET"]}}],"collection":[{"href":"https:\/\/www.lepeuplequimanque.org\/en\/wp-json\/wp\/v2\/posts"}],"about":[{"href":"https:\/\/www.lepeuplequimanque.org\/en\/wp-json\/wp\/v2\/types\/post"}],"author":[{"embeddable":true,"href":"https:\/\/www.lepeuplequimanque.org\/en\/wp-json\/wp\/v2\/users\/1"}],"replies":[{"embeddable":true,"href":"https:\/\/www.lepeuplequimanque.org\/en\/wp-json\/wp\/v2\/comments?post=1684"}],"version-history":[{"count":0,"href":"https:\/\/www.lepeuplequimanque.org\/en\/wp-json\/wp\/v2\/posts\/1684\/revisions"}],"wp:featuredmedia":[{"embeddable":true,"href":"https:\/\/www.lepeuplequimanque.org\/en\/wp-json\/wp\/v2\/media\/1699"}],"wp:attachment":[{"href":"https:\/\/www.lepeuplequimanque.org\/en\/wp-json\/wp\/v2\/media?parent=1684"}],"wp:term":[{"taxonomy":"category","embeddable":true,"href":"https:\/\/www.lepeuplequimanque.org\/en\/wp-json\/wp\/v2\/categories?post=1684"},{"taxonomy":"post_tag","embeddable":true,"href":"https:\/\/www.lepeuplequimanque.org\/en\/wp-json\/wp\/v2\/tags?post=1684"}],"curies":[{"name":"wp","href":"https:\/\/api.w.org\/{rel}","templated":true}]}}