{"id":266,"date":"2010-06-12T20:16:53","date_gmt":"2010-06-12T19:16:53","guid":{"rendered":"https:\/\/www.lepeuplequimanque.org\/cinema-%c2%ab-hors-circuit-%c2%bb-tables-rondes-festival-cote-court-pantin-11-juin-2010.html"},"modified":"2014-04-09T19:37:18","modified_gmt":"2014-04-09T18:37:18","slug":"cote-court-2010","status":"publish","type":"post","link":"https:\/\/www.lepeuplequimanque.org\/en\/2010\/cote-court-2010\/","title":{"rendered":"Cin\u00e9ma \u00ab Hors-circuit \u00bb &#8211; Tables rondes &#8211; Festival C\u00f4t\u00e9 Court &#8211; Pantin &#8211; 11 Juin 2010"},"content":{"rendered":"<p>&nbsp;<\/p>\n<div>\n<p>&nbsp;<\/p>\n<div style=\"text-align: center;\"><span style=\"font-size: medium;\" class=\"Apple-style-span\"><strong>Cin\u00e9ma \u00ab Hors-circuit \u00bb<\/strong><\/span><\/div>\n<p><strong><\/p>\n<div style=\"text-align: center;\">\n<p><span style=\"font-weight: normal;\" class=\"Apple-style-span\"><strong>De la diffusion des films non commerciaux &#8211; \u00c9tat des lieux<\/p>\n<p>Journ\u00e9e d&#8217;\u00e9tudes<br \/><\/strong><\/span><\/p>\n<p>&nbsp;<span style=\"font-weight: normal;\" class=\"Apple-style-span\"><strong><\/p>\n<div style=\"text-align: center; display: inline ! important;\">\n<p style=\"display: inline ! important;\">Vendredi 11 juin 2010<\/p>\n<\/div>\n<p><\/strong><\/span><span style=\"font-weight: normal;\" class=\"Apple-style-span\"><strong><\/p>\n<div style=\"text-align: center; display: inline ! important;\">\n<p style=\"display: inline ! important;\">Cin\u00e9 104, Pantin&nbsp;<\/p>\n<\/div>\n<p><\/strong><\/span><\/p>\n<\/div>\n<p><\/strong><\/p>\n<p>&nbsp;<\/p>\n<\/div>\n<div><\/div>\n<div align=\"justify\">Documentaires de cr\u00e9ation, film-essais, vid\u00e9os d\u2019artistes, oeuvres audiovisuelles, exp\u00e9rimentations cin\u00e9matographiques, cin\u00e9ma militant, nouvelles \u00e9critures num\u00e9riques ou films amateurs, la diffusion et l\u2019exploitation de films sans visa, films \u00abhors-circuits\u00bb ou marginaux, semblent encore constituer un territoire mal identifi\u00e9, peu cartographi\u00e9. Pourtant, au coeur de cette pluralit\u00e9 d\u2019\u00e9critures et de formats, g\u00eet la promesse tenue d\u2019un renouvellement enthousiasmant du cin\u00e9ma contemporain et de dispositifs cin\u00e9matographiques et narratifs novateurs.<br \/>En pr\u00e9sence de cin\u00e9astes, programmateurs, critiques, directeurs de salles, de festivals ou de lieux pluridisciplinaires, nous verrons, le temps d\u2019une journ\u00e9e, le 11 juin prochain, dans le cadre du Festival C\u00f4t\u00e9 court \u00e0 Pantin, s\u2019il est possible d\u2019amplifier la circulation en salles de ces films en marge des circuits d\u2019exploitation, si leur programmation peut permettre un renouvellement et une diversification des publics, quels sont les outils et ressources disponibles au programmateur et \u00e0 l\u2019exploitant d\u00e9sireux de montrer ces films. Une cartographie de ce cin\u00e9ma \u00ab hors-circuit \u00bb et de nouveaux territoires de cin\u00e9ma \u00e9mergents, ainsi que des pratiques de diffusion et de programmation qui s\u2019inventent ici et l\u00e0 et qui tentent de renouveler l\u2019exp\u00e9rience cin\u00e9ma et le rapport entre l\u2019oeuvre et son public.<\/div>\n<div><\/div>\n<div><strong>PROGRAMME<\/p>\n<p><\/strong><\/div>\n<div>11h00 &#8211; 11h10 \/\/ Ouverture de la journ\u00e9e par Genevi\u00e8ve Houssay, Pr\u00e9sidente du GNCR, J\u00e9r\u00f4me Brodier, D\u00e9l\u00e9gu\u00e9 g\u00e9n\u00e9ral du GNCR et Jacky \u00e9vrard, Directeur artistique du festival C\u00f4t\u00e9 court<\/p>\n<\/div>\n<div>11h10 -11h40 \/\/ Etat des lieux par <strong>Aliocha Imhoff<\/strong>, critique, programmateur, auteur d\u2019un rapport sur les cin\u00e9mas \u00ab hors-circuits \u00bb pour le GNCR<\/p>\n<\/div>\n<div>11h40 -12h40 \/\/ En marge de la salle de cin\u00e9ma &#8211; Les lieux &#8211; Table ronde<\/div>\n<div><\/div>\n<div align=\"justify\">Depuis plus de 15 ans, la multiplication des lieux de projection a permis au r\u00e9seau dit \u00ab non commercial \u00bb de se d\u00e9velopper largement. Le cin\u00e9ma \u00ab hors-circuit \u00bb a ainsi trouv\u00e9 une place privil\u00e9gi\u00e9e dans ces circuits de diffusion institutionnels ou mus\u00e9aux mais aussi dans les circuits pr\u00e9caires et alternatifs, lieux pluridisciplinaires et \u00ab nouveaux territoires de l\u2019art \u00bb, en parall\u00e8le de sa place souvent marginale au coeur des salles de cin\u00e9ma. Nous verrons avec quelques directeurs de salles et de lieux comment la diffusion de ces cin\u00e9mas peut constituer un laboratoire pour le renouvellement des pratiques de programmation et d\u2019exploitation du cin\u00e9ma.<\/div>\n<div><\/div>\n<div>Mod\u00e9rateur : <strong>Aliocha Imhoff<\/strong>, critique, programmateur, Le peuple qui manque<\/div>\n<div>Intervenants :&nbsp;<\/div>\n<div><strong>Didier Anne<\/strong>, directeur et programmateur du cin\u00e9ma Lux, Caen<\/div>\n<div><strong>Olivier Marboeuf<\/strong>, directeur de l\u2019Espace Khiasma, les Lilas, Jean-Jacques Rue, exploitant cin\u00e9ma \u00ab Utopia \u00bb de Saint-Ouen l\u2019Aum\u00f4ne<\/div>\n<div><strong>Mich\u00e8le Souligna<\/strong>c, directrice de P\u00e9riph\u00e9ries<br \/><strong>Virginie Bobin<\/strong>, coordinatrice des projets pour les Laboratoires d&#8217;Aubervilliers<\/div>\n<div><\/div>\n<div>12h40 &#8211; 13h00 \/\/ Discusion avec la salle<\/div>\n<div>13h00 &#8211; 14h00 \/\/ D\u00e9jeuner<\/p>\n<\/div>\n<div>14h00 &#8211; 16h30 \/\/ Pratiques de programmation et nouveaux territoires de cin\u00e9ma &#8211; Table ronde <\/p>\n<div align=\"justify\">Le cin\u00e9ma contemporain est actuellement confront\u00e9 \u00e0 de profondes mutations. Les deux derni\u00e8res d\u00e9cennies auront vu se d\u00e9placer nombres de fronti\u00e8res artistiques, telles que vid\u00e9o et cin\u00e9ma, fiction et documentaire, arts plastiques et cin\u00e9ma, par l\u2019invention de nouvelles formes de narrations, et invitant \u00e0 d\u2019autres formes de spatialisation de l\u2019exp\u00e9rience cin\u00e9ma. Par ailleurs, de nouvelles pratiques de programmation s\u2019ancrent dans une transversalit\u00e9 revendiqu\u00e9e entre cin\u00e9ma et art contemporain, art et politique, ou encore dans un nomadisme entre salle de cin\u00e9ma, lieux alternatifs, internet et mus\u00e9e. L\u2019activit\u00e9 de programmation se lie alors de mani\u00e8re naturelle \u00e0 une dimension critique ou \u00e9ditoriale, souvent envisag\u00e9e comme une v\u00e9ritable d\u00e9marche curatoriale. C\u00f4t\u00e9 production, de nombreux cin\u00e9astes rencontrent d\u00e9sormais dans les circuits des institutions culturelles ou mus\u00e9ales des lieux de soutien et d\u2019accueil. Les mus\u00e9es exposent ainsi films et vid\u00e9os d\u2019artistes. En compagnie de cin\u00e9astes, artistes, programmateurs, critiques, militants, nous dresserons un \u00e9tat des lieux de ce cin\u00e9ma \u00ab hors-circuit \u00bb qui s\u2019invente aujourd\u2019hui.<\/div>\n<\/div>\n<div><\/div>\n<div>Mod\u00e9rateur : <strong>Emmanuel Burdeau<\/strong>, ancien r\u00e9dacteur en chef des \u00abCahiers du cin\u00e9ma\u00bb et directeur de collection aux \u00e9ditions Capricci<\/p>\n<\/div>\n<div>Intervenants :<\/div>\n<div><strong>Charles de Meaux<\/strong>, cin\u00e9aste, producteur, Anna Sanders Films<\/div>\n<div><strong>Pascale Cassagnau<\/strong>, auteure de \u00ab future amnesia \/ enqu\u00eates sur un troisi\u00e8me cin\u00e9ma \u00bb, responsable des collections audiovisuelles, vid\u00e9o et nouveaux m\u00e9dias au Centre National des Arts Plastiques<\/div>\n<div><strong>Aliocha Imhoff et Kantuta Quiros<\/strong>, critiques, programmateurs pour Le peuple qui manque<\/div>\n<div><strong>G\u00e9raldine Gomez<\/strong>, programmatrice et responsable de \u00ab Hors pistes \u00bb, Centre Pompidou<\/div>\n<div><strong>Val\u00e9rie Guillaudot<\/strong>, coordinatrice du festival \u00ab R\u00e9sistances \u00bb de Foix<br \/><strong>Vincent Dieutre<\/strong>, cin\u00e9aste, membre fondateur de Pointligneplan<\/div>\n<div>\n<p>Journ\u00e9e \u00e0 l&#8217;initiative du <strong>Festival Cote-Court<\/strong> et du <strong>GNCR<\/strong><\/p>\n<p>Informations pratiques:<span style=\"font-family: Arial,Verdana,sans-serif; color: rgb(114, 114, 114);\" class=\"Apple-style-span\"><\/p>\n<p style=\"margin: 0px; padding: 0px; line-height: 14px;\"><strong style=\"margin: 0px; padding: 0px;\">Festival C\u00f4t\u00e9 Court<\/strong><\/p>\n<p style=\"margin: 0px; padding: 0px; line-height: 14px;\">104, Av Jean Lolive<\/p>\n<p style=\"margin: 0px; padding: 0px; line-height: 14px;\">93500 Pantin<\/p>\n<p><\/span>+ d&#8217;informations:&nbsp;<a href=\"https:\/\/www.cotecourt.org\/selection\/programme\/553-table-ronde-hors-circuit.html\">https:\/\/www.cotecourt.org\/selection\/programme\/553-table-ronde-hors-circuit.html<\/a><\/p>\n<\/div>\n","protected":false},"excerpt":{"rendered":"<p>&nbsp; &nbsp; Cin\u00e9ma \u00ab Hors-circuit \u00bb De la diffusion des films non commerciaux &#8211; \u00c9tat des lieux Journ\u00e9e&#8230;<\/p>\n","protected":false},"author":1,"featured_media":0,"comment_status":"closed","ping_status":"closed","sticky":false,"template":"","format":"standard","meta":{"footnotes":""},"categories":[3],"tags":[],"class_list":{"0":"post-266","1":"post","2":"type-post","3":"status-publish","4":"format-standard","6":"category-lectures"},"aioseo_notices":[],"_links":{"self":[{"href":"https:\/\/www.lepeuplequimanque.org\/en\/wp-json\/wp\/v2\/posts\/266","targetHints":{"allow":["GET"]}}],"collection":[{"href":"https:\/\/www.lepeuplequimanque.org\/en\/wp-json\/wp\/v2\/posts"}],"about":[{"href":"https:\/\/www.lepeuplequimanque.org\/en\/wp-json\/wp\/v2\/types\/post"}],"author":[{"embeddable":true,"href":"https:\/\/www.lepeuplequimanque.org\/en\/wp-json\/wp\/v2\/users\/1"}],"replies":[{"embeddable":true,"href":"https:\/\/www.lepeuplequimanque.org\/en\/wp-json\/wp\/v2\/comments?post=266"}],"version-history":[{"count":0,"href":"https:\/\/www.lepeuplequimanque.org\/en\/wp-json\/wp\/v2\/posts\/266\/revisions"}],"wp:attachment":[{"href":"https:\/\/www.lepeuplequimanque.org\/en\/wp-json\/wp\/v2\/media?parent=266"}],"wp:term":[{"taxonomy":"category","embeddable":true,"href":"https:\/\/www.lepeuplequimanque.org\/en\/wp-json\/wp\/v2\/categories?post=266"},{"taxonomy":"post_tag","embeddable":true,"href":"https:\/\/www.lepeuplequimanque.org\/en\/wp-json\/wp\/v2\/tags?post=266"}],"curies":[{"name":"wp","href":"https:\/\/api.w.org\/{rel}","templated":true}]}}