{"id":3686,"date":"2023-05-28T16:53:00","date_gmt":"2023-05-28T15:53:00","guid":{"rendered":"https:\/\/www.lepeuplequimanque.org\/?page_id=3686"},"modified":"2024-03-05T19:51:47","modified_gmt":"2024-03-05T18:51:47","slug":"ecole-des-impatiences-2023","status":"publish","type":"post","link":"https:\/\/www.lepeuplequimanque.org\/en\/2023\/ecole-des-impatiences-2023\/","title":{"rendered":"School of Impatiences 2023"},"content":{"rendered":"[vc_row type=&#8221;in_container&#8221; full_screen_row_position=&#8221;middle&#8221; column_margin=&#8221;default&#8221; column_direction=&#8221;default&#8221; column_direction_tablet=&#8221;default&#8221; column_direction_phone=&#8221;default&#8221; scene_position=&#8221;center&#8221; text_color=&#8221;dark&#8221; text_align=&#8221;left&#8221; row_border_radius=&#8221;none&#8221; row_border_radius_applies=&#8221;bg&#8221; overflow=&#8221;visible&#8221; overlay_strength=&#8221;0.3&#8243; gradient_direction=&#8221;left_to_right&#8221; shape_divider_position=&#8221;bottom&#8221; bg_image_animation=&#8221;none&#8221;][vc_column column_padding=&#8221;no-extra-padding&#8221; column_padding_tablet=&#8221;inherit&#8221; column_padding_phone=&#8221;inherit&#8221; column_padding_position=&#8221;all&#8221; column_element_direction_desktop=&#8221;default&#8221; column_element_spacing=&#8221;default&#8221; desktop_text_alignment=&#8221;default&#8221; tablet_text_alignment=&#8221;default&#8221; phone_text_alignment=&#8221;default&#8221; background_color_opacity=&#8221;1&#8243; background_hover_color_opacity=&#8221;1&#8243; column_backdrop_filter=&#8221;none&#8221; column_shadow=&#8221;none&#8221; column_border_radius=&#8221;none&#8221; column_link_target=&#8221;_self&#8221; column_position=&#8221;default&#8221; gradient_direction=&#8221;left_to_right&#8221; overlay_strength=&#8221;0.3&#8243; width=&#8221;1\/1&#8243; tablet_width_inherit=&#8221;default&#8221; animation_type=&#8221;default&#8221; bg_image_animation=&#8221;none&#8221; border_type=&#8221;simple&#8221; column_border_width=&#8221;none&#8221; column_border_style=&#8221;solid&#8221;][vc_column_text]\n<h1 style=\"text-align: center;\">School of Impatiences<\/h1>\n<h3 style=\"text-align: center;\">06.29 \u2192 07.03 2023 &#8211; Dieppe<\/h3>\n<p>&nbsp;<\/p>\n<p><em>L&#8217;\u00c9cole des Impatiences<\/em> is a festival that gives pride of place to debates on ideas, contemporary thought, the visual arts and literature, based on our ecological, social and artistic impatiences. Screenings, concerts, performances, readings, workshops, plant walks, debates and conferences. Using innovative meeting formats, the aim is to unite a broad public as much as to collectively elaborate the world to come, accompanied by the thinking of artists, intellectuals and writers. A &#8220;school without walls&#8221;, free and open to all, based in Dieppe, Normandy. L&#8217;Ecole des Impatiences is the evolution of the Diep~haven festival.<\/p>\n<p><a href=\"https:\/\/www.lepeuplequimanque.org\/wp-content\/uploads\/2023\/05\/mangrove-school-still.jpg\" rel=\"prettyPhoto[gallery-hCDh]\"><img loading=\"lazy\" decoding=\"async\" class=\"aligncenter size-large wp-image-3688\" src=\"https:\/\/www.lepeuplequimanque.org\/wp-content\/uploads\/2023\/05\/mangrove-school-still-1024x564.jpg\" alt=\"\" width=\"1024\" height=\"564\" srcset=\"https:\/\/www.lepeuplequimanque.org\/wp-content\/uploads\/2023\/05\/mangrove-school-still-1024x564.jpg 1024w, https:\/\/www.lepeuplequimanque.org\/wp-content\/uploads\/2023\/05\/mangrove-school-still-300x165.jpg 300w, https:\/\/www.lepeuplequimanque.org\/wp-content\/uploads\/2023\/05\/mangrove-school-still-150x83.jpg 150w, https:\/\/www.lepeuplequimanque.org\/wp-content\/uploads\/2023\/05\/mangrove-school-still-768x423.jpg 768w, https:\/\/www.lepeuplequimanque.org\/wp-content\/uploads\/2023\/05\/mangrove-school-still-1536x846.jpg 1536w, https:\/\/www.lepeuplequimanque.org\/wp-content\/uploads\/2023\/05\/mangrove-school-still.jpg 1772w\" sizes=\"auto, (max-width: 1024px) 100vw, 1024px\" \/><\/a><\/p>\n<p>With the presence of artists, philosophers, musicians, architects and authors,<br \/>\nSimona Dvor\u00e1k &amp; Tadeo Kohan, curators and art historians \/ Elio Della Noce, filmmaker and poet \/ Jean-Marie Durand, art, ideas and media journalist \/ Paul Guillibert, philosopher \/ St\u00e9phanie Garzanti, author \/ Cl\u00e9mence Hollemaert, permaculture farmer-herbalist \/ Rose Mah\u00e9 Cabel, artist, non-binary performer \/ Patrice Maniglier, philosopher \/ Mohamed Amer Meziane, philosophe \/ Alexandre Monnin, philosopher \/ Corinne Morel Darleux, author, ecosocialist essayist \/ Fatima Ouassak, politician and environmental activist \/ Catherine Radosa, artist \/ Collectif Rotule, sound artists \/ Paula Valero Comin, artist \/ Xavier Wrona, architect.<\/p>\n<p>And films by<br \/>\nErik Bullot \/ Filipa Cesar &amp; S\u00f3nia Vaz Borges \/ Jean-Michel Carr\u00e9 \/ Karel Doing \/ Arthur Gosset \/ Colectivo Los Ingr\u00e1vidos \/ Luiz Roque<\/p>\n<p>Directed and curated by Aliocha Imhoff &amp; Kantuta Quir\u00f3s<\/p>\n<p><strong><br \/>\n<\/strong>This edition is supported by DRAC Normandie, R\u00e9gion Normandie, D\u00e9partement de la Seine Maritime, Ville de Dieppe, Fondation Jan Michalski, Ch\u00e2teau Mus\u00e9e de Dieppe, D.S.N. &#8211; Dieppe Sc\u00e8ne Nationale.<strong><br \/>\n<\/strong><\/p>\n<h3 style=\"text-align: center;\"><a href=\"https:\/\/www.impatiences.org\/en\/\" target=\"_blank\" rel=\"noopener\">Read more &amp; full program<\/a><\/h3>\n[\/vc_column_text][\/vc_column][\/vc_row]","protected":false},"excerpt":{"rendered":"<p class=\"qtranxs-available-languages-message qtranxs-available-languages-message-en\">Sorry, this entry is only available in <a href=\"https:\/\/www.lepeuplequimanque.org\/fr\/wp-json\/wp\/v2\/posts\/3686\" class=\"qtranxs-available-language-link qtranxs-available-language-link-fr\" title=\"Fran\u00e7ais\">Fran\u00e7ais<\/a>.<\/p>\n<h2>\u00c9cole des Impatiences<\/h2>\n<p><b>29.06 \u2192 03.07 2023 &#8211; Dieppe<\/b><\/p>\n<p>L\u2019\u00c9cole des Impatiences\u00a0est un festival qui fait la part belle aux d\u00e9bats d&#8217;id\u00e9es, \u00e0 la pens\u00e9e contemporaine, aux arts visuels, \u00e0 la litt\u00e9rature, pens\u00e9 \u00e0 partir de nos impatiences \u00e9cologiques, sociales, artistiques. <\/p>\n<p>Avec Simona Dvor\u00e1k &#038; Tadeo Kohan, curateurs et historiens de l&#8217;art \/\u00a0Elio Della Noce, cin\u00e9aste et po\u00e8te \/\u00a0Jean-Marie Durand, journaliste art, id\u00e9es, m\u00e9dias \/\u00a0Paul Guillibert, philosophe \/\u00a0St\u00e9phanie Garzanti, autrice \/\u00a0Cl\u00e9mence Hollemaert, paysanne-herboriste en permaculture \/\u00a0Rose Mah\u00e9 Cabel, artiste, performeur\u00b7euse non binaire \/\u00a0Patrice Maniglier, philosophe \/\u00a0Mohamed Amer Meziane, philosophe \/ Alexandre Monnin, philosophe \/\u00a0Corinne Morel Darleux, autrice, essayiste \u00e9cosocialiste \/\u00a0Fatima Ouassak, politiste et militante \u00e9cologiste \/\u00a0Catherine Radosa, artiste \/\u00a0Collectif Rotule, artistes sonores \/\u00a0Paula Valero Comin, artiste \/\u00a0Xavier Wrona, architecte.<\/p>\n<p>Et les films d&#8217;Erik Bullot \/ Filipa Cesar &#038; S\u00f3nia Vaz Borges \/ Jean-Michel Carr\u00e9 \/ Karel Doing \/ Arthur Gosset \/ Colectivo Los Ingr\u00e1vidos \/ Luiz Roque<\/p>\n","protected":false},"author":1,"featured_media":3747,"comment_status":"closed","ping_status":"closed","sticky":false,"template":"","format":"standard","meta":{"footnotes":""},"categories":[43,31],"tags":[],"class_list":{"0":"post-3686","1":"post","2":"type-post","3":"status-publish","4":"format-standard","5":"has-post-thumbnail","7":"category-2020-2024","8":"category-curating"},"aioseo_notices":[],"_links":{"self":[{"href":"https:\/\/www.lepeuplequimanque.org\/en\/wp-json\/wp\/v2\/posts\/3686","targetHints":{"allow":["GET"]}}],"collection":[{"href":"https:\/\/www.lepeuplequimanque.org\/en\/wp-json\/wp\/v2\/posts"}],"about":[{"href":"https:\/\/www.lepeuplequimanque.org\/en\/wp-json\/wp\/v2\/types\/post"}],"author":[{"embeddable":true,"href":"https:\/\/www.lepeuplequimanque.org\/en\/wp-json\/wp\/v2\/users\/1"}],"replies":[{"embeddable":true,"href":"https:\/\/www.lepeuplequimanque.org\/en\/wp-json\/wp\/v2\/comments?post=3686"}],"version-history":[{"count":0,"href":"https:\/\/www.lepeuplequimanque.org\/en\/wp-json\/wp\/v2\/posts\/3686\/revisions"}],"wp:featuredmedia":[{"embeddable":true,"href":"https:\/\/www.lepeuplequimanque.org\/en\/wp-json\/wp\/v2\/media\/3747"}],"wp:attachment":[{"href":"https:\/\/www.lepeuplequimanque.org\/en\/wp-json\/wp\/v2\/media?parent=3686"}],"wp:term":[{"taxonomy":"category","embeddable":true,"href":"https:\/\/www.lepeuplequimanque.org\/en\/wp-json\/wp\/v2\/categories?post=3686"},{"taxonomy":"post_tag","embeddable":true,"href":"https:\/\/www.lepeuplequimanque.org\/en\/wp-json\/wp\/v2\/tags?post=3686"}],"curies":[{"name":"wp","href":"https:\/\/api.w.org\/{rel}","templated":true}]}}